{"id":362,"date":"2023-09-11T16:20:32","date_gmt":"2023-09-11T14:20:32","guid":{"rendered":"https:\/\/ambbruxelles.esteri.it\/?p=362"},"modified":"2023-09-11T16:20:32","modified_gmt":"2023-09-11T14:20:32","slug":"undici-settembre-duemila-uno-undici-settembre-duemila-ventitre","status":"publish","type":"post","link":"https:\/\/ambbruxelles.esteri.it\/it\/news\/dall_ambasciata\/2023\/09\/undici-settembre-duemila-uno-undici-settembre-duemila-ventitre\/","title":{"rendered":"undici settembre duemila uno &#8211; undici settembre duemila ventitr\u00e9"},"content":{"rendered":"<p><strong>ITA:<\/strong>\u00a0Oggi ricordiamo l&#8217;anniversario dell&#8217;attacco alle Torri Gemelle di New York avvenuto l\u2019 #11settembre 2001, una delle pagine pi\u00f9 buie della storia contemporanea.<br \/>\nIn questa giornata, riflettiamo sulla memoria delle vittime di questa tragedia, tra cui numerosi cittadini italo-americani.<\/p>\n<p><strong>ENG:<\/strong>\u00a0Today we remember the anniversary of the attack on the Twin Towers in New York on #11September 2001, one of the darkest pages of contemporary history.<br \/>\nOn this day, we reflect on the memory of the victims of this tragedy, including many Italian-American citizens.<\/p>\n<p><strong>FRA:<\/strong>\u00a0Aujourd\u2019hui, nous souvenons l&#8217;anniversaire de l&#8217;attaque des Tours Jumelles \u00e0 New York le #11septembre 2001, l&#8217;une des pages les plus sombres de l&#8217;histoire contemporaine.<br \/>\nEn ce jour, nous nous recueillons \u00e0 la m\u00e9moire des victimes de cette trag\u00e9die, parmi lesquelles de nombreux citoyens italo-am\u00e9ricains.<\/p>\n<p><strong>NL:<\/strong>\u00a0Vandaag herdenken we de aanslagen van #11september 2001 op de Twin Towers van New York: een van de zwartste pagina&#8217;s uit onze hedendaagse geschiedenis.<br \/>\nEen dag om stil te staan bij de slachtoffers die bij deze tragedie gevallen zijn, waaronder vele Italo-Amerikaanse burgers.<\/p>\n","protected":false},"excerpt":{"rendered":"ITA:\u00a0Oggi ricordiamo l&#8217;anniversario dell&#8217;attacco alle Torri Gemelle di New York avvenuto l\u2019 #11settembre 2001, una delle pagine pi\u00f9 buie della storia contemporanea. In questa giornata, riflettiamo sulla memoria delle vittime di questa tragedia, tra cui numerosi cittadini italo-americani. ENG:\u00a0Today we remember the anniversary of the attack on the Twin Towers in New York on #11September [&hellip;]","protected":false},"author":4,"featured_media":358,"comment_status":"closed","ping_status":"closed","sticky":false,"template":"","format":"standard","meta":{"footnotes":""},"tags":[],"class_list":["post-362","post","type-post","status-publish","format-standard","has-post-thumbnail","hentry"],"_links":{"self":[{"href":"https:\/\/ambbruxelles.esteri.it\/it\/wp-json\/wp\/v2\/posts\/362","targetHints":{"allow":["GET"]}}],"collection":[{"href":"https:\/\/ambbruxelles.esteri.it\/it\/wp-json\/wp\/v2\/posts"}],"about":[{"href":"https:\/\/ambbruxelles.esteri.it\/it\/wp-json\/wp\/v2\/types\/post"}],"author":[{"embeddable":true,"href":"https:\/\/ambbruxelles.esteri.it\/it\/wp-json\/wp\/v2\/users\/4"}],"replies":[{"embeddable":true,"href":"https:\/\/ambbruxelles.esteri.it\/it\/wp-json\/wp\/v2\/comments?post=362"}],"version-history":[{"count":1,"href":"https:\/\/ambbruxelles.esteri.it\/it\/wp-json\/wp\/v2\/posts\/362\/revisions"}],"predecessor-version":[{"id":363,"href":"https:\/\/ambbruxelles.esteri.it\/it\/wp-json\/wp\/v2\/posts\/362\/revisions\/363"}],"wp:featuredmedia":[{"embeddable":true,"href":"https:\/\/ambbruxelles.esteri.it\/it\/wp-json\/wp\/v2\/media\/358"}],"wp:attachment":[{"href":"https:\/\/ambbruxelles.esteri.it\/it\/wp-json\/wp\/v2\/media?parent=362"}],"wp:term":[{"taxonomy":"post_tag","embeddable":true,"href":"https:\/\/ambbruxelles.esteri.it\/it\/wp-json\/wp\/v2\/tags?post=362"}],"curies":[{"name":"wp","href":"https:\/\/api.w.org\/{rel}","templated":true}]}}