{"id":1805,"date":"2024-06-04T11:48:30","date_gmt":"2024-06-04T09:48:30","guid":{"rendered":"https:\/\/ambbruxelles.esteri.it\/?p=1805"},"modified":"2024-06-04T11:48:30","modified_gmt":"2024-06-04T09:48:30","slug":"avis-dattribution-du-service-de-numerisation-des-archives-de-la-chancellerie-consulaire-de-lambassade-ditalie-a-bruxelles-et-du-consulat-general-ditalie-a-charleroi","status":"publish","type":"post","link":"https:\/\/ambbruxelles.esteri.it\/it\/news\/dall_ambasciata\/2024\/06\/avis-dattribution-du-service-de-numerisation-des-archives-de-la-chancellerie-consulaire-de-lambassade-ditalie-a-bruxelles-et-du-consulat-general-ditalie-a-charleroi\/","title":{"rendered":"Avis d&#8217;attribution du service de num\u00e9risation des archives de la Chancellerie consulaire de l\u2019Ambassade d\u2019Italie \u00e0 Bruxelles et du Consulat G\u00e9n\u00e9ral d\u2019Italie \u00e0 Charleroi."},"content":{"rendered":"<p>Le pr\u00e9sent avis concerne le r\u00e9sultat de la proc\u00e9dure ouverte pour l\u2019attribution du service de num\u00e9risation des archives de la Chancellerie consulaire de l\u2019Ambassade d\u2019Italie \u00e0 Bruxelles (CIG : B0BD016FA0) et du Consulat G\u00e9n\u00e9ral d\u2019Italie \u00e0 Charleroi (CIG : B0BD017078).<\/p>\n","protected":false},"excerpt":{"rendered":"Le pr\u00e9sent avis concerne le r\u00e9sultat de la proc\u00e9dure ouverte pour l\u2019attribution du service de num\u00e9risation des archives de la Chancellerie consulaire de l\u2019Ambassade d\u2019Italie \u00e0 Bruxelles (CIG : B0BD016FA0) et du Consulat G\u00e9n\u00e9ral d\u2019Italie \u00e0 Charleroi (CIG : B0BD017078).","protected":false},"author":12,"featured_media":0,"comment_status":"closed","ping_status":"closed","sticky":false,"template":"","format":"standard","meta":{"footnotes":""},"tags":[],"class_list":["post-1805","post","type-post","status-publish","format-standard","hentry"],"_links":{"self":[{"href":"https:\/\/ambbruxelles.esteri.it\/it\/wp-json\/wp\/v2\/posts\/1805","targetHints":{"allow":["GET"]}}],"collection":[{"href":"https:\/\/ambbruxelles.esteri.it\/it\/wp-json\/wp\/v2\/posts"}],"about":[{"href":"https:\/\/ambbruxelles.esteri.it\/it\/wp-json\/wp\/v2\/types\/post"}],"author":[{"embeddable":true,"href":"https:\/\/ambbruxelles.esteri.it\/it\/wp-json\/wp\/v2\/users\/12"}],"replies":[{"embeddable":true,"href":"https:\/\/ambbruxelles.esteri.it\/it\/wp-json\/wp\/v2\/comments?post=1805"}],"version-history":[{"count":2,"href":"https:\/\/ambbruxelles.esteri.it\/it\/wp-json\/wp\/v2\/posts\/1805\/revisions"}],"predecessor-version":[{"id":1809,"href":"https:\/\/ambbruxelles.esteri.it\/it\/wp-json\/wp\/v2\/posts\/1805\/revisions\/1809"}],"wp:attachment":[{"href":"https:\/\/ambbruxelles.esteri.it\/it\/wp-json\/wp\/v2\/media?parent=1805"}],"wp:term":[{"taxonomy":"post_tag","embeddable":true,"href":"https:\/\/ambbruxelles.esteri.it\/it\/wp-json\/wp\/v2\/tags?post=1805"}],"curies":[{"name":"wp","href":"https:\/\/api.w.org\/{rel}","templated":true}]}}