{"id":1366,"date":"2023-11-17T18:02:39","date_gmt":"2023-11-17T16:02:39","guid":{"rendered":"https:\/\/ambbruxelles.esteri.it\/?p=1366"},"modified":"2023-11-17T18:04:25","modified_gmt":"2023-11-17T16:04:25","slug":"avviso-di-procedura-di-selezione-per-la-posizione-di-analista-di-mercato-a-tempo-indeterminato-presso-lagenzia-ice-ufficio-di-bruxelles","status":"publish","type":"post","link":"https:\/\/ambbruxelles.esteri.it\/it\/news\/dall_ambasciata\/2023\/11\/avviso-di-procedura-di-selezione-per-la-posizione-di-analista-di-mercato-a-tempo-indeterminato-presso-lagenzia-ice-ufficio-di-bruxelles\/","title":{"rendered":"Avviso di procedura di selezione per la posizione di Analista di mercato a tempo indeterminato presso l\u2019Agenzia ICE-Ufficio di Bruxelles"},"content":{"rendered":"<p>Informiamo che \u00e8 stato pubblicato sul nostro sito un Avviso di procedura di selezione per la posizione di Analista di mercato a tempo indeterminato presso l\u2019Agenzia ICE &#8211; Ufficio di Bruxelles. Le domande dovranno pervenire entro il 16 Dicembre p.v. Potete accedere direttamente all&#8217;Avviso tramite il link in basso alla pagina.<\/p>\n<table width=\"700\">\n<tbody>\n<tr>\n<td>\n<table width=\"100%\">\n<tbody>\n<tr>\n<td>\n<table width=\"700\">\n<tbody>\n<tr>\n<td width=\"100%\">\n<table width=\"100%\">\n<tbody>\n<tr>\n<td><a href=\"https:\/\/cdn.flxml.eu\/lt-2188229872-6663cb9c547410c8d96941da9e26cf5dca0288466ef96f7d\">LINK AVVISO DI PROCEDURA DI SELEZIONE Analista di Mercato a Tempo Indeterminato presso l\u2019Agenzia ICE &#8211; Ufficio di Bruxelles<\/a><\/p>\n<p>&nbsp;<\/p>\n<p><a href=\"https:\/\/cdn.flxml.eu\/lt-2188229870-6663cb9c547410c8d96941da9e26cf5dca0288466ef96f7d\">LINK AVIS DE PROC\u00c9DURE DE S\u00c9LECTION Analyste de march\u00e9 permanent \u00e0 l&#8217;Agence ICE &#8211; Bureau de Bruxelles<\/a><\/td>\n<\/tr>\n<\/tbody>\n<\/table>\n<\/td>\n<\/tr>\n<\/tbody>\n<\/table>\n<\/td>\n<\/tr>\n<\/tbody>\n<\/table>\n<\/td>\n<\/tr>\n<\/tbody>\n<\/table>\n","protected":false},"excerpt":{"rendered":"Informiamo che \u00e8 stato pubblicato sul nostro sito un Avviso di procedura di selezione per la posizione di Analista di mercato a tempo indeterminato presso l\u2019Agenzia ICE &#8211; Ufficio di Bruxelles. Le domande dovranno pervenire entro il 16 Dicembre p.v. Potete accedere direttamente all&#8217;Avviso tramite il link in basso alla pagina. LINK AVVISO DI PROCEDURA [&hellip;]","protected":false},"author":4,"featured_media":1360,"comment_status":"closed","ping_status":"closed","sticky":false,"template":"","format":"standard","meta":{"footnotes":""},"tags":[],"class_list":["post-1366","post","type-post","status-publish","format-standard","has-post-thumbnail","hentry"],"_links":{"self":[{"href":"https:\/\/ambbruxelles.esteri.it\/it\/wp-json\/wp\/v2\/posts\/1366","targetHints":{"allow":["GET"]}}],"collection":[{"href":"https:\/\/ambbruxelles.esteri.it\/it\/wp-json\/wp\/v2\/posts"}],"about":[{"href":"https:\/\/ambbruxelles.esteri.it\/it\/wp-json\/wp\/v2\/types\/post"}],"author":[{"embeddable":true,"href":"https:\/\/ambbruxelles.esteri.it\/it\/wp-json\/wp\/v2\/users\/4"}],"replies":[{"embeddable":true,"href":"https:\/\/ambbruxelles.esteri.it\/it\/wp-json\/wp\/v2\/comments?post=1366"}],"version-history":[{"count":1,"href":"https:\/\/ambbruxelles.esteri.it\/it\/wp-json\/wp\/v2\/posts\/1366\/revisions"}],"predecessor-version":[{"id":1367,"href":"https:\/\/ambbruxelles.esteri.it\/it\/wp-json\/wp\/v2\/posts\/1366\/revisions\/1367"}],"wp:featuredmedia":[{"embeddable":true,"href":"https:\/\/ambbruxelles.esteri.it\/it\/wp-json\/wp\/v2\/media\/1360"}],"wp:attachment":[{"href":"https:\/\/ambbruxelles.esteri.it\/it\/wp-json\/wp\/v2\/media?parent=1366"}],"wp:term":[{"taxonomy":"post_tag","embeddable":true,"href":"https:\/\/ambbruxelles.esteri.it\/it\/wp-json\/wp\/v2\/tags?post=1366"}],"curies":[{"name":"wp","href":"https:\/\/api.w.org\/{rel}","templated":true}]}}